{"id":643,"date":"2018-03-16T16:24:43","date_gmt":"2018-03-16T15:24:43","guid":{"rendered":"https:\/\/www.girodmedical.it\/blog_it\/?p=643"},"modified":"2018-03-19T09:13:57","modified_gmt":"2018-03-19T08:13:57","slug":"fototerapia-vi-regalera-luce-ed-energia","status":"publish","type":"post","link":"https:\/\/www.girodmedical.it\/blog_it\/2018\/03\/16\/fototerapia-vi-regalera-luce-ed-energia\/","title":{"rendered":"Fototerapia vi regaler\u00e0 luce ed energia!"},"content":{"rendered":"<p>La luce ha effetti benefici sulla nostra salute. E&#8217; essenziale per noi regolare il nostro ritmo di vita. Quindi risulta importante esporci quotidianamente e per lungo tempo alla luce del giorno per accumulare un massimo di energia. La luce del giorno ci consente di regolare i diversi cicli fisiologici del nostro corpo, per aiutarci a combattere lo stress ma anche per passare notti migliori. Quando siamo esposti alla luce del giorno, secerniamo il cortisolo, l&#8217;ormone che ci permette di essere in forma tutto il giorno. Ma a volte la nostra esposizione alla luce non \u00e8 sufficiente e pu\u00f3 provocare in molte persone perdita di tono, difficolt\u00e0 a dormire o sonnolenza durante il giorno. Per combattere questa mancanza di luce, \u00e8 possibile eseguire sedute di <strong>fototerapia\u00a0<\/strong>o<strong> elioterapia.<\/strong><\/p>\n<p><img fetchpriority=\"high\" decoding=\"async\" class=\"aligncenter wp-image-1255\" title=\"Seduta di fototerapia\" src=\"https:\/\/www.girodmedical.com\/blog\/..\/media\/wp_uploads\/2018\/03\/lampe-de-luminotherapie-rondo-55-w-innolux-innosol-3_1_1-300x200.jpg\" width=\"383\" height=\"255\" \/><\/p>\n<h2><img decoding=\"async\" class=\"wp-image-1252 alignnone\" src=\"https:\/\/www.girodmedical.com\/blog\/..\/media\/wp_uploads\/2018\/03\/1200x630bb-300x300.jpg\" alt=\"\" width=\"63\" height=\"63\" \/>\u00a0I benefici della fototerapia sul nostro corpo\u00a0:<\/h2>\n<p>Nel corso degli anni la terapia della luce ha dimostrato le sue azioni benefiche sul nostro sistema. Ecco alcuni esempi di utilizzo di lampade per <strong>fototerapia<\/strong>.<\/p>\n<h3>Utilizzare un dispositivo di luminoterapia\u00a0per combattere la depressione stagionale\u00a0:<\/h3>\n<p>Dall&#8217;autunno le giornate iniziano ad accorciarsi e in inverno il tempo di esposizione alla luce si accorcia. In alcune persone, il fatto di stare poco esposti alla luce provoca una depressione detta stagionale. Dal 2005 la fototerapia \u00e9 ufficialmente usata per combattere questo tipo di malumore. Infatti, grazie\u00a0alla terapia con la luce,si pu\u00f3 riempire questa mancanza di luce eseguendo sedute giornaliere di circa 30 minuti.Oltre ad una lampada per terapia luce, vi consigliamo di utilizzare una <strong>sveglia simulatore d&#8217;alba<\/strong> che vi consenta di preparare il vostro corpo al giorno seguente. Durante la notte e soprattutto durante il sonno la secrezione di melatonina aumenta. Il <strong>simulatore dell&#8217;alba<\/strong>\u00a0permette la diminuzione di\u00a0questa secrezione aumentando quella di cortisolo. Ricordatevi di\u00a0impostarlo almeno 20-30 min prima dell&#8217;orario in cui lasciate il vostro letto.<\/p>\n<p><img decoding=\"async\" class=\"alignnone wp-image-1253\" title=\"Luminoterapia\" src=\"https:\/\/www.girodmedical.com\/blog\/..\/media\/wp_uploads\/2018\/03\/bodyclock-150-300x300.jpg\" width=\"224\" height=\"224\" \/><img loading=\"lazy\" decoding=\"async\" class=\"alignnone wp-image-1251\" title=\"fototerapia \" src=\"https:\/\/www.girodmedical.com\/blog\/..\/media\/wp_uploads\/2018\/03\/400x260-ct-300x195.jpg\" width=\"308\" height=\"200\" \/><\/p>\n<p>La <strong>terapia della luce<\/strong>\u00a0non \u00e8 controindicata a meno che non abbiate un problema agli occhi (cataratta, retinite pigmentosa, glaucoma) o se state seguendo una terapia fotosensibile. Se sentite che la depressione persiste nonostante la terapia, vi consigliamo di consultare uno specialista.<\/p>\n<h3>Altri benefici della terapia della luce\u00a0:<\/h3>\n<p>In effetti, le lampade per la terapia della luce possono essere utilizzate per qualcosa di diverso dalla lotta contro la depressione stagionale. Sono particolarmente utili :<\/p>\n<ul>\n<li>Per combattere il jet lag. Le sedute di terapia della luce vi aiuteranno a mettere il vostro orologio biologico in linea con gli orari del paese in cui vi trovate.<\/li>\n<li>Per le persone che lavorano di notte, una sessione prima del lavoro, un&#8217;altra intorno all&#8217;1 e un&#8217;ultima sessione alla fine . Per avere una sufficiente esposizione alla luce.<\/li>\n<li>Per ridurre le difficolt\u00e0 del sonno e rimettere l&#8217;orologio biologico in regola, soprattutto per le persone che soffrono di insonnia.<\/li>\n<li>Per le persone che soffrono di affaticamento cronico. Questo potrebbe ridurre la sensazione di stanchezza.<\/li>\n<li>Per la depressione ante o post-partum. Circa una donna su dieci soffre di depressione durante la gravidanza. Molte altre donne sono colpite dopo il parto, questo \u00e8 pi\u00f9 comunemente noto come baby blues. Per ridurre questa depressione in modo naturale, vi consigliamo di iniziare le sedute durante la gravidanza e continuare in seguito.<\/li>\n<\/ul>\n<h2><img loading=\"lazy\" decoding=\"async\" class=\"alignnone wp-image-1258\" src=\"https:\/\/www.girodmedical.com\/blog\/..\/media\/wp_uploads\/2018\/03\/sun-99192_960_720-300x300.png\" alt=\"\" width=\"47\" height=\"47\" \/>\u00a0Come scegliere la giusta lampada per la terapia della luce?<\/h2>\n<p>La luminoterapia \u00e8 ora considerata\u00a0un metodo di terapia a s\u00e9 stante. Durante la seduta esponete i vostri occhi ad una luce con uno spettro luminoso che si avvicina a quello della luce naturale, ma senza gli UV (dannosi\u00a0per il corpo). Il colore della luce \u00e8 di circa 4000 Kelvin. Prima di acquistare un dispositivo per questa terapia, vi consigliamo di chiedere il parere del vostro\u00a0medico essendo coscienti che diversi parametri dovranno essere presi in considerazione\u00a0al momento dell&#8217;acquisto.<\/p>\n<h3>Le caratteristiche per una buona lampada per l&#8217;elioterapia\u00a0\u00a0:<\/h3>\n<p>Ecco alcuni aspetti tecnici che \u00e8 necessario considerare prima di acquistare il dispositivo per la terapia della luce\u00a0:<\/p>\n<ul>\n<li>L&#8217;intensit\u00e0 della<strong> lampada per la fototerapia<\/strong>. In effetti, questo parametro \u00e8 importante perch\u00e9 la durata delle sessioni dipender\u00e0 dall&#8217;intensit\u00e0 della lampada. Se usate un dispositivo che vi fornisce 2500 lux la vostra seduta durer\u00e0 circa 2 ore mentre con un dispositivo da 10.000 lux durer\u00e0 solo 30 minuti. Ecco alcuni numeri da confrontare: la luce naturale durante una bella giornata estiva offre quasi 100.000 lux e l&#8217;illuminazione standard in una casa varia tra 50 e 100 lux a seconda del tipo di lampadina utilizzata. Ecco perch\u00e9 durante l&#8217;inverno il nostro stato generale \u00e8 pi\u00f9 stanco, riceviamo molta meno luce.<\/li>\n<li>Le certificazioni; se la lampada fototerapica che si acquista \u00e8 certificata\u00a0e presenta\u00a0la menzione 93\/42 CEE,vuol dire\u00a0 che la lampada soddisfa gli standard di sicurezza e che non emette raggi ultravioletti.<\/li>\n<li>La forma della lampada; questo pu\u00f2 essere un aspetto da tenere in considerazione, soprattutto se siete in molti ad utilizzarla. Sar\u00e0 quindi necessario favorire una lampada da parete.<br \/>\n<img loading=\"lazy\" decoding=\"async\" class=\"aligncenter wp-image-1257\" title=\"Terapia della luce\" src=\"https:\/\/www.girodmedical.com\/blog\/..\/media\/wp_uploads\/2018\/03\/rondo-innosol-300x204.jpg\" width=\"373\" height=\"253\" \/><\/li>\n<\/ul>\n<h3 style=\"text-align: left;\">Consigli sul come utilizzare la lampada :<\/h3>\n<p>Per ottenere dei benefici \u00e8 di primordiale importanza seguire alcune regole. Ricordatevi che se non vi posizionate nella giusta maniera la lampada per luminoterapia non avr\u00e0 alcun effetto su di voi.<\/p>\n<ul>\n<ul>\n<li>Vi consigliamo di usarla al mattino quando vi svegliate (durante la colazione per esempio) o nel corso della mattinata. Vi consigliamo di evitare di eseguire le sedute la sera a meno che non dobbiate\u00a0regolare il vostro orologio biologico.<\/li>\n<li>Nonostante i rischi siano minimi, non state a contatto visivo diretto ma a circa 60 cm.<\/li>\n<li>La durata dell&#8217;uso della lampada dipender\u00e0 dalla sua potenza. Se avete\u00a0una lampada da 10.000 lux, una sessione di mezz&#8217;ora sar\u00e0 sufficiente per ricaricare le batterie.<\/li>\n<\/ul>\n<\/ul>\n<h3 style=\"text-align: left;\"><\/h3>\n<p>Gli effetti delle sedute non sono immediati, quindi non fermarti dopo una sola volta. \u00a0Le azioni della lampada per fototerapia richiedono circa 4-5 giorni per essere percepite.<\/p>\n<ul>\n<li>Le 3 lampade per luminoterapia pi\u00f9 vendute:<\/li>\n<\/ul>\n<p>&nbsp;<\/p>\n<table>\n<tbody>\n<tr>\n<td width=\"123\"><strong>Lampade per fototerapia<\/strong><\/td>\n<td width=\"161\"><strong>Beurer TL 90<a href=\"https:\/\/www.girodmedical.it\/lampada-di-luce-naturale-del-giorno-beurer-tl-90.html\" target=\"_blank\" rel=\"noopener\"><img loading=\"lazy\" decoding=\"async\" class=\"alignnone wp-image-1266 size-medium\" title=\"Lampada per fototerapia Beurer TL 90\" src=\"https:\/\/www.girodmedical.com\/blog\/..\/media\/wp_uploads\/2018\/03\/TL90-300x300.jpg\" alt=\"Lampada per fototerapia Beurer TL 90\" width=\"300\" height=\"300\" \/><\/a><\/strong><\/td>\n<td width=\"170\"><strong>Beurer TL 40<\/strong><\/p>\n<p><a href=\"https:\/\/www.girodmedical.it\/lampada-di-luce-naturale-del-giorno-beurer-tl-40.html\"><img loading=\"lazy\" decoding=\"async\" class=\"alignnone wp-image-1267\" title=\"Lampada per fototerapia Beurer TL 40\" src=\"https:\/\/www.girodmedical.com\/blog\/..\/media\/wp_uploads\/2018\/03\/TL40_1-1.jpg\" width=\"151\" height=\"151\" \/><\/a><\/td>\n<td width=\"189\"><strong>Beurer TL 70<\/strong><\/p>\n<p><a href=\"https:\/\/www.girodmedical.it\/lampada-di-luce-naturale-del-giorno-beurer-tl-70.html\" target=\"_blank\" rel=\"noopener\"><img loading=\"lazy\" decoding=\"async\" class=\"alignnone wp-image-1261 size-full\" title=\"Lampada per fototerapia Beurer TL 70\" src=\"https:\/\/www.girodmedical.com\/blog\/..\/media\/wp_uploads\/2018\/03\/TL70-Off_1.jpg\" alt=\"Lampada per fototerapia Beurer TL 70\" width=\"250\" height=\"250\" \/><\/a><\/td>\n<\/tr>\n<tr>\n<td width=\"123\">Intensit\u00e0 della lampada<\/td>\n<td width=\"161\">10\u00a0000 lux<\/td>\n<td width=\"170\">10\u00a0000 lux<\/td>\n<td width=\"189\">10\u00a0000 lux<\/td>\n<\/tr>\n<tr>\n<td width=\"123\">Superficie luminosa<\/td>\n<td width=\"161\">513,6 x 337 mm<\/td>\n<td width=\"170\">513,6 x 337 mm<\/td>\n<td width=\"189\">33 cm di diametro<\/td>\n<\/tr>\n<tr>\n<td width=\"123\">Tipo di illuminazione<\/td>\n<td width=\"161\">Uniforme<\/td>\n<td width=\"170\">Uniforme<\/td>\n<td width=\"189\">Uniforme<\/td>\n<\/tr>\n<tr>\n<td width=\"123\">Accensione<\/td>\n<td width=\"161\">Alcun lampeggiamento<\/td>\n<td width=\"170\">Alcun lampeggiamento<\/td>\n<td width=\"189\">Alcun lampeggiamento<\/td>\n<\/tr>\n<tr>\n<td width=\"123\">Peso<\/td>\n<td width=\"161\">3 Kg<\/td>\n<td width=\"170\">800 g<\/td>\n<td width=\"189\">980 g<\/td>\n<\/tr>\n<tr>\n<td width=\"123\"><strong>Sveglie simulatrici alba<\/strong><\/td>\n<td width=\"161\"><strong>Beurer WL 70<\/strong><a href=\"https:\/\/www.girodmedical.it\/luce-sveglia-beurer-wl-70.html\" target=\"_blank\" rel=\"noopener\"><img loading=\"lazy\" decoding=\"async\" class=\"alignnone wp-image-1264 size-full\" title=\"Sveglia simulatore d'alba Beurer WL 70\" src=\"https:\/\/www.girodmedical.com\/blog\/..\/media\/wp_uploads\/2018\/03\/WL70_1.jpg\" alt=\"Sveglia simulatore d'alba Beurer WL 70\" width=\"250\" height=\"250\" \/><\/a><\/td>\n<td width=\"170\"><strong>Beurer WL 90<\/strong><a href=\"https:\/\/www.girodmedical.it\/luce-sveglia-4-in-1-beurer-wl-90.html\" target=\"_blank\" rel=\"noopener\"><img loading=\"lazy\" decoding=\"async\" class=\"alignnone wp-image-1265\" title=\"Sveglia simulatore d'alba Beurer WL 90\" src=\"https:\/\/www.girodmedical.com\/blog\/..\/media\/wp_uploads\/2018\/03\/WL90-Off_1-1.jpg\" alt=\"Sveglia simulatore d'alba Beurer WL 90\" width=\"183\" height=\"183\" \/><\/a><\/td>\n<td width=\"189\"><strong>Beurer WL 32<\/strong><a href=\"https:\/\/www.girodmedical.it\/luce-sveglia-beurer-wl-32.html\" target=\"_blank\" rel=\"noopener\"><img loading=\"lazy\" decoding=\"async\" class=\"alignnone wp-image-1262 size-full\" title=\"Sveglia simulatore d'alba Beurer WL 32\" src=\"https:\/\/www.girodmedical.com\/blog\/..\/media\/wp_uploads\/2018\/03\/WL32_Farbspektrum_1.jpg\" alt=\"Sveglia simulatore d'alba Beurer WL 32\" width=\"250\" height=\"250\" \/><\/a><\/td>\n<\/tr>\n<tr>\n<td width=\"123\">Intensit\u00e0<\/td>\n<td width=\"161\">2\u00a0500 lux<\/td>\n<td width=\"170\">2\u00a0500 lux<\/td>\n<td width=\"189\">2\u00a0500 lux<\/td>\n<\/tr>\n<tr>\n<td width=\"123\">Tipo di simulazione<\/td>\n<td width=\"161\">Alba\/tramonto<\/td>\n<td width=\"170\">Alba\/tramonto<\/td>\n<td width=\"189\">Alba\/tramonto<\/td>\n<\/tr>\n<tr>\n<td width=\"123\">Funzionalit\u00e0<\/td>\n<td width=\"161\">Sveglia mattutina<\/p>\n<p>Luce d&#8217;atmosfera<\/p>\n<p>Lampada\u00a0da comodino<\/p>\n<p>Stazione musicale<\/p>\n<p>&nbsp;<\/td>\n<td width=\"170\">Sveglia mattutina<\/p>\n<p>Luce d&#8217;atmosfera<\/p>\n<p>Lampada\u00a0da comodino<\/p>\n<p>Stazione musicale<\/p>\n<p>&nbsp;<\/td>\n<td width=\"189\">Sveglia mattutina<\/p>\n<p>Luce d&#8217;atmosfera<\/p>\n<p>Lampada\u00a0da comodino<\/p>\n<p>Stazione musicale<\/p>\n<p>&nbsp;<\/td>\n<\/tr>\n<tr>\n<td width=\"123\">Opzioni<\/td>\n<td width=\"161\">20\u00a0livelli d&#8217;intensit\u00e0 luminosi<\/p>\n<p>Funzione a ripetizione<\/p>\n<p>10 \u00a0posizioni di memoria radio<\/p>\n<p>4 suonerie\u00a0diverse<\/p>\n<p>Cavo USB e AUX<\/td>\n<td width=\"170\">20\u00a0livelli d&#8217;intensit\u00e0 luminosi<\/p>\n<p>Funzione a ripetizione<\/p>\n<p>Possibilit\u00e0 di rimandare la sveglia<\/p>\n<p>Viva voce con Bluetooth<\/p>\n<p>Cavo\u00a0USB<\/p>\n<p>Applicazioni smartphones Beurer LightUp<\/td>\n<td width=\"189\">Funzione a ripetizione<\/p>\n<p>2\u00a0orari sveglia impostabili<\/p>\n<p>Display \u00a0LCD (4 colori a scelta)<\/p>\n<p>10\u00a0posizioni di memoria radio<\/p>\n<p>Cavo\u00a0AUX<\/td>\n<\/tr>\n<tr>\n<td width=\"123\">Peso<\/td>\n<td width=\"161\">662 g<\/td>\n<td width=\"170\">760 g<\/td>\n<td width=\"189\">181 g<\/td>\n<\/tr>\n<\/tbody>\n<\/table>\n","protected":false},"excerpt":{"rendered":"<p>La luce ha effetti benefici sulla nostra salute. E&#8217; essenziale per noi regolare il nostro ritmo di vita. Quindi risulta importante esporci quotidianamente e per lungo tempo alla luce del giorno per accumulare un massimo di energia. La luce del giorno ci consente di regolare i diversi cicli fisiologici del nostro corpo, per aiutarci a &hellip; <a href=\"https:\/\/www.girodmedical.it\/blog_it\/2018\/03\/16\/fototerapia-vi-regalera-luce-ed-energia\/\" class=\"more-link\">Continue reading <span class=\"screen-reader-text\">Fototerapia vi regaler\u00e0 luce ed energia!<\/span> <span class=\"meta-nav\">&rarr;<\/span><\/a><\/p>\n","protected":false},"author":1,"featured_media":648,"comment_status":"open","ping_status":"open","sticky":false,"template":"","format":"standard","meta":[],"categories":[1],"tags":[],"_links":{"self":[{"href":"https:\/\/www.girodmedical.it\/blog_it\/wp-json\/wp\/v2\/posts\/643"}],"collection":[{"href":"https:\/\/www.girodmedical.it\/blog_it\/wp-json\/wp\/v2\/posts"}],"about":[{"href":"https:\/\/www.girodmedical.it\/blog_it\/wp-json\/wp\/v2\/types\/post"}],"author":[{"embeddable":true,"href":"https:\/\/www.girodmedical.it\/blog_it\/wp-json\/wp\/v2\/users\/1"}],"replies":[{"embeddable":true,"href":"https:\/\/www.girodmedical.it\/blog_it\/wp-json\/wp\/v2\/comments?post=643"}],"version-history":[{"count":4,"href":"https:\/\/www.girodmedical.it\/blog_it\/wp-json\/wp\/v2\/posts\/643\/revisions"}],"predecessor-version":[{"id":649,"href":"https:\/\/www.girodmedical.it\/blog_it\/wp-json\/wp\/v2\/posts\/643\/revisions\/649"}],"wp:featuredmedia":[{"embeddable":true,"href":"https:\/\/www.girodmedical.it\/blog_it\/wp-json\/wp\/v2\/media\/648"}],"wp:attachment":[{"href":"https:\/\/www.girodmedical.it\/blog_it\/wp-json\/wp\/v2\/media?parent=643"}],"wp:term":[{"taxonomy":"category","embeddable":true,"href":"https:\/\/www.girodmedical.it\/blog_it\/wp-json\/wp\/v2\/categories?post=643"},{"taxonomy":"post_tag","embeddable":true,"href":"https:\/\/www.girodmedical.it\/blog_it\/wp-json\/wp\/v2\/tags?post=643"}],"curies":[{"name":"wp","href":"https:\/\/api.w.org\/{rel}","templated":true}]}}